{"id":2010,"date":"2025-08-01T18:03:27","date_gmt":"2025-08-01T16:03:27","guid":{"rendered":"https:\/\/nimia.me\/non-categorise\/coton-et-bien-etre-les-qualites-naturelles-dun-tissu-intemporel\/"},"modified":"2025-08-11T11:11:13","modified_gmt":"2025-08-11T09:11:13","slug":"coton-et-bien-etre-les-qualites-naturelles-dun-tissu-intemporel","status":"publish","type":"post","link":"https:\/\/nimia.me\/fr\/coton-et-bien-etre-les-qualites-naturelles-dun-tissu-intemporel\/","title":{"rendered":"Coton et bien-\u00eatre : les qualit\u00e9s naturelles d&#8217;un tissu intemporel"},"content":{"rendered":"\n<p>Mais quand on parle de <em>coton<\/em>, de quoi parle-t-on exactement ? <strong>D\u00e9couvrez-le avec Nimia<\/strong> dans cet article consacr\u00e9 \u00e0 ce <strong>tissu \u00e0 l&#8217;histoire mill\u00e9naire<\/strong> et \u00e0 ses multiples facettes !  <\/p>\n\n<p>Le coton est <strong>une fibre textile naturelle<\/strong>, fabriqu\u00e9e \u00e0 partir des balles (filaments blancs et mousseux) qui enveloppent les graines des plantes Gossypium, une vari\u00e9t\u00e9 d&#8217;arbuste typique des r\u00e9gions chaudes de notre plan\u00e8te. L&#8217;utilisation du coton pour le tissage est l&#8217;une des plus anciennes au monde, avec des traces remontant \u00e0 pr\u00e8s de 10 000 ans. <\/p>\n\n<h2 class=\"wp-block-heading\">Les propri\u00e9t\u00e9s naturelles de ce tissu<\/h2>\n\n<p>En fait, le coton se distingue par un certain nombre de propri\u00e9t\u00e9s intrins\u00e8ques qui le rendent extr\u00eamement polyvalent et populaire pour l&#8217;habillement et les textiles d&#8217;int\u00e9rieur.<\/p>\n\n<p>Sa composition en <strong>cellulose<\/strong> naturelle, associ\u00e9e \u00e0 son caract\u00e8re <strong>hypoallerg\u00e9nique<\/strong>, en fait un produit id\u00e9al pour les personnes \u00e0 la peau sensible ou pour celles qui choisissent leurs achats avec soin et en toute connaissance de cause. <em>Une approche philosophique qui est au c\u0153ur de notre travail quotidien<\/em>.<\/p>\n\n<p>Une autre caract\u00e9ristique de certains tissus en coton est leur <strong>douceur<\/strong>, une qualit\u00e9 qui assure une sensation de douceur et de confort pour la peau. En outre, le coton est une fibre exceptionnellement <strong>respirante<\/strong> et dot\u00e9e d&#8217;un <strong>excellent <\/strong> <strong>pouvoir d&#8217;absorption<\/strong>. <a href=\"https:\/\/nimia.me\/fr\/shop\/textile\/audry-btowel\/\" target=\"_blank\" rel=\"noreferrer noopener\"><strong>serviettes<\/strong><\/a><strong>, <\/strong><a href=\"https:\/\/nimia.me\/fr\/shop\/textile\/polo-fouta\/\" target=\"_blank\" rel=\"noreferrer noopener\"><strong>les serviettes de plage<\/strong><\/a><strong> et pour les v\u00eatements d&#8217;\u00e9t\u00e9 en g\u00e9n\u00e9ral<\/strong>. <\/p>\n\n<p>En outre, sa <strong>r\u00e9sistance<\/strong> tend \u00e0 augmenter lorsque les fibres sont humides, ce qui le rend particuli\u00e8rement <strong>r\u00e9sistant aux lavages fr\u00e9quents et \u00e0 l&#8217;usure quotidienne.<\/strong><\/p>\n\n<p><em>En bref, la combinaison de ces propri\u00e9t\u00e9s fait du coton une fibre textile intemporelle, que Nimia a d\u00e9cid\u00e9 de mettre en valeur gr\u00e2ce \u00e0 une production soign\u00e9e, sophistiqu\u00e9e et durable<\/em>.<\/p>\n\n<figure class=\"wp-block-gallery has-nested-images columns-default is-cropped wp-block-gallery-1 is-layout-flex wp-block-gallery-is-layout-flex\">\n<figure class=\"wp-block-image size-large\"><img fetchpriority=\"high\" decoding=\"async\" width=\"650\" height=\"650\" data-id=\"1979\" src=\"https:\/\/nimia.me\/wp-content\/uploads\/2025\/08\/Articolo-Cotone-e-Benessere-Telo-Rosso-Mare-Dettaglio.webp\" alt=\"Serviette de plage en coton rouge\" class=\"wp-image-1979\" srcset=\"https:\/\/nimia.me\/wp-content\/uploads\/2025\/08\/Articolo-Cotone-e-Benessere-Telo-Rosso-Mare-Dettaglio.webp 650w, https:\/\/nimia.me\/wp-content\/uploads\/2025\/08\/Articolo-Cotone-e-Benessere-Telo-Rosso-Mare-Dettaglio-400x400.webp 400w, https:\/\/nimia.me\/wp-content\/uploads\/2025\/08\/Articolo-Cotone-e-Benessere-Telo-Rosso-Mare-Dettaglio-300x300.webp 300w, https:\/\/nimia.me\/wp-content\/uploads\/2025\/08\/Articolo-Cotone-e-Benessere-Telo-Rosso-Mare-Dettaglio-600x600.webp 600w, https:\/\/nimia.me\/wp-content\/uploads\/2025\/08\/Articolo-Cotone-e-Benessere-Telo-Rosso-Mare-Dettaglio-100x100.webp 100w\" sizes=\"(max-width: 650px) 100vw, 650px\" \/><\/figure>\n\n\n\n<figure class=\"wp-block-image size-large\"><img decoding=\"async\" width=\"700\" height=\"699\" data-id=\"1974\" src=\"https:\/\/nimia.me\/wp-content\/uploads\/2025\/08\/Articolo-Cotone-e-Benessere-Telo-Grigio-Mare-Dettaglio.webp\" alt=\"Serviette de plage en coton gris\" class=\"wp-image-1974\" srcset=\"https:\/\/nimia.me\/wp-content\/uploads\/2025\/08\/Articolo-Cotone-e-Benessere-Telo-Grigio-Mare-Dettaglio.webp 700w, https:\/\/nimia.me\/wp-content\/uploads\/2025\/08\/Articolo-Cotone-e-Benessere-Telo-Grigio-Mare-Dettaglio-400x400.webp 400w, https:\/\/nimia.me\/wp-content\/uploads\/2025\/08\/Articolo-Cotone-e-Benessere-Telo-Grigio-Mare-Dettaglio-300x300.webp 300w, https:\/\/nimia.me\/wp-content\/uploads\/2025\/08\/Articolo-Cotone-e-Benessere-Telo-Grigio-Mare-Dettaglio-600x599.webp 600w, https:\/\/nimia.me\/wp-content\/uploads\/2025\/08\/Articolo-Cotone-e-Benessere-Telo-Grigio-Mare-Dettaglio-100x100.webp 100w\" sizes=\"(max-width: 700px) 100vw, 700px\" \/><\/figure>\n\n\n\n<figure class=\"wp-block-image size-large\"><img decoding=\"async\" width=\"800\" height=\"800\" data-id=\"1959\" src=\"https:\/\/nimia.me\/wp-content\/uploads\/2025\/08\/Articolo-Cotone-e-Benessere-Telo-Beige-Mare-Dettaglio.webp\" alt=\"Serviette de plage en coton beige\" class=\"wp-image-1959\" srcset=\"https:\/\/nimia.me\/wp-content\/uploads\/2025\/08\/Articolo-Cotone-e-Benessere-Telo-Beige-Mare-Dettaglio.webp 800w, https:\/\/nimia.me\/wp-content\/uploads\/2025\/08\/Articolo-Cotone-e-Benessere-Telo-Beige-Mare-Dettaglio-400x400.webp 400w, https:\/\/nimia.me\/wp-content\/uploads\/2025\/08\/Articolo-Cotone-e-Benessere-Telo-Beige-Mare-Dettaglio-768x768.webp 768w, https:\/\/nimia.me\/wp-content\/uploads\/2025\/08\/Articolo-Cotone-e-Benessere-Telo-Beige-Mare-Dettaglio-300x300.webp 300w, https:\/\/nimia.me\/wp-content\/uploads\/2025\/08\/Articolo-Cotone-e-Benessere-Telo-Beige-Mare-Dettaglio-600x600.webp 600w, https:\/\/nimia.me\/wp-content\/uploads\/2025\/08\/Articolo-Cotone-e-Benessere-Telo-Beige-Mare-Dettaglio-100x100.webp 100w\" sizes=\"(max-width: 800px) 100vw, 800px\" \/><\/figure>\n\n\n\n<figure class=\"wp-block-image size-large\"><img loading=\"lazy\" decoding=\"async\" width=\"700\" height=\"700\" data-id=\"1964\" src=\"https:\/\/nimia.me\/wp-content\/uploads\/2025\/08\/Articolo-Cotone-e-Benessere-Telo-Blu-Mare-Dettaglio.webp\" alt=\"Serviette de plage en coton bleu\" class=\"wp-image-1964\" srcset=\"https:\/\/nimia.me\/wp-content\/uploads\/2025\/08\/Articolo-Cotone-e-Benessere-Telo-Blu-Mare-Dettaglio.webp 700w, https:\/\/nimia.me\/wp-content\/uploads\/2025\/08\/Articolo-Cotone-e-Benessere-Telo-Blu-Mare-Dettaglio-400x400.webp 400w, https:\/\/nimia.me\/wp-content\/uploads\/2025\/08\/Articolo-Cotone-e-Benessere-Telo-Blu-Mare-Dettaglio-300x300.webp 300w, https:\/\/nimia.me\/wp-content\/uploads\/2025\/08\/Articolo-Cotone-e-Benessere-Telo-Blu-Mare-Dettaglio-600x600.webp 600w, https:\/\/nimia.me\/wp-content\/uploads\/2025\/08\/Articolo-Cotone-e-Benessere-Telo-Blu-Mare-Dettaglio-100x100.webp 100w\" sizes=\"(max-width: 700px) 100vw, 700px\" \/><\/figure>\n\n\n\n<figure class=\"wp-block-image size-large\"><img loading=\"lazy\" decoding=\"async\" width=\"800\" height=\"800\" data-id=\"1969\" src=\"https:\/\/nimia.me\/wp-content\/uploads\/2025\/08\/Articolo-Cotone-e-Benessere-Telo-Grigio-Chiaro-Mare-Dettaglio.webp\" alt=\"Serviette de plage en coton gris clair\" class=\"wp-image-1969\" srcset=\"https:\/\/nimia.me\/wp-content\/uploads\/2025\/08\/Articolo-Cotone-e-Benessere-Telo-Grigio-Chiaro-Mare-Dettaglio.webp 800w, https:\/\/nimia.me\/wp-content\/uploads\/2025\/08\/Articolo-Cotone-e-Benessere-Telo-Grigio-Chiaro-Mare-Dettaglio-400x400.webp 400w, https:\/\/nimia.me\/wp-content\/uploads\/2025\/08\/Articolo-Cotone-e-Benessere-Telo-Grigio-Chiaro-Mare-Dettaglio-768x768.webp 768w, https:\/\/nimia.me\/wp-content\/uploads\/2025\/08\/Articolo-Cotone-e-Benessere-Telo-Grigio-Chiaro-Mare-Dettaglio-300x300.webp 300w, https:\/\/nimia.me\/wp-content\/uploads\/2025\/08\/Articolo-Cotone-e-Benessere-Telo-Grigio-Chiaro-Mare-Dettaglio-600x600.webp 600w, https:\/\/nimia.me\/wp-content\/uploads\/2025\/08\/Articolo-Cotone-e-Benessere-Telo-Grigio-Chiaro-Mare-Dettaglio-100x100.webp 100w\" sizes=\"(max-width: 800px) 100vw, 800px\" \/><\/figure>\n<\/figure>\n\n<h2 class=\"wp-block-heading\">Du coton \u00e0 l&#8217;univers des tissus<\/h2>\n\n<p>Gr\u00e2ce \u00e0 son <strong>extraordinaire polyvalence<\/strong>, le coton peut \u00eatre transform\u00e9 de multiples fa\u00e7ons, ce qui permet de cr\u00e9er des tissus aux caract\u00e9ristiques et aux usages tr\u00e8s diff\u00e9rents. Examinons-en quelques-unes en d\u00e9tail ! <\/p>\n\n<h3 class=\"wp-block-heading\"><strong>Toile de coton<\/strong><\/h3>\n\n<p>Il s&#8217;agit d&#8217;un tissu caract\u00e9ris\u00e9 par sa solidit\u00e9 et sa r\u00e9silience (c&#8217;est-\u00e0-dire sa capacit\u00e9 \u00e0 r\u00e9sister aux contraintes ext\u00e9rieures), produit \u00e0 partir d&#8217;un tissage tr\u00e8s dense. <strong>Selon l&#8217;\u00e9tymologie la plus r\u00e9pandue, le terme <\/strong><strong><em>toile <\/em><\/strong>d\u00e9riverait du<strong> mot latin &#8220;cannabis&#8221;,<\/strong> d\u00e9signant \u00e0 l&#8217;origine un tissu fabriqu\u00e9 \u00e0 partir de fibres de chanvre, mais aujourd&#8217;hui il est universellement associ\u00e9 au coton.<\/p>\n\n<p>Il s&#8217;agit d&#8217;un tissu \u00e0 armure toile, ce qui signifie que les fils de cha\u00eene et de trame se croisent l&#8217;un au-dessus de l&#8217;autre et l&#8217;un au-dessous de l&#8217;autre de mani\u00e8re r\u00e9guli\u00e8re. Les fils sont toutefois plus \u00e9pais et le tissage est beaucoup plus dense que celui d&#8217;un tissu de coton ordinaire, une caract\u00e9ristique qui d\u00e9termine l&#8217;excellente <strong>r\u00e9sistance<\/strong> et la <strong>durabilit\u00e9 de<\/strong> ce type de tissu. <br\/><br\/>Chez Nimia, nous avons choisi d&#8217;utiliser de la toile de coton <strong>pour nos <\/strong><a href=\"https:\/\/nimia.me\/fr\/shop\/accessoires-de-mode\/sac-polo\/\" target=\"_blank\" rel=\"noreferrer noopener\"><strong>Polo Bag<\/strong><\/a><strong>, <\/strong><a href=\"https:\/\/nimia.me\/fr\/shop\/accessoires-de-mode\/sac-audry\/\" target=\"_blank\" rel=\"noreferrer noopener\"><strong>Sac Audry<\/strong><\/a> e <a href=\"https:\/\/nimia.me\/fr\/shop\/accessoires-de-mode\/embrayage-audry\/\" target=\"_blank\" rel=\"noreferrer noopener\"><strong>Pochette Audry<\/strong><\/a>et Audry Clutch, afin de garantir \u00e0 la fois une excellente structure et un confort de port parfait.<\/p>\n\n<figure class=\"wp-block-gallery has-nested-images columns-default is-cropped wp-block-gallery-2 is-layout-flex wp-block-gallery-is-layout-flex\">\n<figure class=\"wp-block-image size-large\"><img loading=\"lazy\" decoding=\"async\" width=\"683\" height=\"1024\" data-id=\"1984\" src=\"https:\/\/nimia.me\/wp-content\/uploads\/2025\/08\/Articolo-Cotone-e-benessere-borsa-e-maglietta-683x1024.webp\" alt=\"T-shirt en coton naturel\" class=\"wp-image-1984\" srcset=\"https:\/\/nimia.me\/wp-content\/uploads\/2025\/08\/Articolo-Cotone-e-benessere-borsa-e-maglietta-683x1024.webp 683w, https:\/\/nimia.me\/wp-content\/uploads\/2025\/08\/Articolo-Cotone-e-benessere-borsa-e-maglietta-533x800.webp 533w, https:\/\/nimia.me\/wp-content\/uploads\/2025\/08\/Articolo-Cotone-e-benessere-borsa-e-maglietta-768x1152.webp 768w, https:\/\/nimia.me\/wp-content\/uploads\/2025\/08\/Articolo-Cotone-e-benessere-borsa-e-maglietta-1024x1536.webp 1024w, https:\/\/nimia.me\/wp-content\/uploads\/2025\/08\/Articolo-Cotone-e-benessere-borsa-e-maglietta-600x900.webp 600w, https:\/\/nimia.me\/wp-content\/uploads\/2025\/08\/Articolo-Cotone-e-benessere-borsa-e-maglietta.webp 1080w\" sizes=\"(max-width: 683px) 100vw, 683px\" \/><\/figure>\n\n\n\n<figure class=\"wp-block-image size-large\"><img loading=\"lazy\" decoding=\"async\" width=\"683\" height=\"1024\" data-id=\"1989\" src=\"https:\/\/nimia.me\/wp-content\/uploads\/2025\/08\/Articolo-Cotone-e-benessere-mood-estate-683x1024.webp\" alt=\"Chapeau et serviette de plage en coton naturel\" class=\"wp-image-1989\" srcset=\"https:\/\/nimia.me\/wp-content\/uploads\/2025\/08\/Articolo-Cotone-e-benessere-mood-estate-683x1024.webp 683w, https:\/\/nimia.me\/wp-content\/uploads\/2025\/08\/Articolo-Cotone-e-benessere-mood-estate-533x800.webp 533w, https:\/\/nimia.me\/wp-content\/uploads\/2025\/08\/Articolo-Cotone-e-benessere-mood-estate-768x1152.webp 768w, https:\/\/nimia.me\/wp-content\/uploads\/2025\/08\/Articolo-Cotone-e-benessere-mood-estate-1024x1536.webp 1024w, https:\/\/nimia.me\/wp-content\/uploads\/2025\/08\/Articolo-Cotone-e-benessere-mood-estate-600x900.webp 600w, https:\/\/nimia.me\/wp-content\/uploads\/2025\/08\/Articolo-Cotone-e-benessere-mood-estate.webp 1080w\" sizes=\"(max-width: 683px) 100vw, 683px\" \/><\/figure>\n<\/figure>\n\n<h3 class=\"wp-block-heading\"><strong>Mousseline de coton<\/strong><\/h3>\n\n<p>La mousseline de coton est un tissu tr\u00e8s l\u00e9ger, \u00e0 tissage ouvert et tr\u00e8s doux, qui <strong>tire son nom de la <\/strong> ville de Mossoul. <a href=\"https:\/\/it.wikipedia.org\/wiki\/Mussola\" target=\"_blank\" rel=\"noreferrer noopener\"><strong>de la ville de Mossoul<\/strong><\/a>en <strong> Irak,<\/strong> d&#8217;o\u00f9 il serait originaire, sur les rives du l\u00e9gendaire fleuve Tigre, dans le <strong>Croissant fertile<\/strong>.<\/p>\n\n<p>Il s&#8217;agit d&#8217;un tissu de coton tr\u00e8s appr\u00e9ci\u00e9 pour sa <strong>d\u00e9licatesse<\/strong>, due pr\u00e9cis\u00e9ment \u00e0 son <strong>&#8220;tissage ouvert&#8221; caract\u00e9ristique :<\/strong> un syst\u00e8me de traitement dans lequel les fils (cha\u00eene et trame) sont plus espac\u00e9s que dans un tissu traditionnel. L&#8217;air peut ainsi circuler plus librement dans le tissu, ce qui garantit une <strong>excellente respirabilit\u00e9<\/strong> et un <strong>s\u00e9chage rapide<\/strong>. <\/p>\n\n<p>D\u00e9couvrez <strong>notre <\/strong><a href=\"https:\/\/nimia.me\/fr\/shop\/textile\/couverture-en-flun\/\" target=\"_blank\" rel=\"noreferrer noopener\"><strong>Couverture Flun<\/strong><\/a> r\u00e9alis\u00e9e pr\u00e9cis\u00e9ment en mousseline de coton 3 couches, un <strong>plaid doux et l\u00e9ger<\/strong> qui <strong>peut \u00eatre utilis\u00e9 de multiples fa\u00e7ons<\/strong>: comme tissu pour vous abriter des rayons du soleil, ou comme meuble \u00e0 l&#8217;int\u00e9rieur comme \u00e0 l&#8217;ext\u00e9rieur.<\/p>\n\n<figure class=\"wp-block-gallery has-nested-images columns-default is-cropped wp-block-gallery-3 is-layout-flex wp-block-gallery-is-layout-flex\">\n<figure class=\"wp-block-image size-large\"><img loading=\"lazy\" decoding=\"async\" width=\"683\" height=\"1024\" data-id=\"1999\" src=\"https:\/\/nimia.me\/wp-content\/uploads\/2025\/08\/Articolo-Cotone-e-Benessere-asciugamani-683x1024.webp\" alt=\"serviettes en coton durables\" class=\"wp-image-1999\" srcset=\"https:\/\/nimia.me\/wp-content\/uploads\/2025\/08\/Articolo-Cotone-e-Benessere-asciugamani-683x1024.webp 683w, https:\/\/nimia.me\/wp-content\/uploads\/2025\/08\/Articolo-Cotone-e-Benessere-asciugamani-533x800.webp 533w, https:\/\/nimia.me\/wp-content\/uploads\/2025\/08\/Articolo-Cotone-e-Benessere-asciugamani-768x1152.webp 768w, https:\/\/nimia.me\/wp-content\/uploads\/2025\/08\/Articolo-Cotone-e-Benessere-asciugamani-1024x1536.webp 1024w, https:\/\/nimia.me\/wp-content\/uploads\/2025\/08\/Articolo-Cotone-e-Benessere-asciugamani-600x900.webp 600w, https:\/\/nimia.me\/wp-content\/uploads\/2025\/08\/Articolo-Cotone-e-Benessere-asciugamani.webp 1080w\" sizes=\"(max-width: 683px) 100vw, 683px\" \/><\/figure>\n\n\n\n<figure class=\"wp-block-image size-large\"><img loading=\"lazy\" decoding=\"async\" width=\"683\" height=\"1024\" data-id=\"2004\" src=\"https:\/\/nimia.me\/wp-content\/uploads\/2025\/08\/Articolo-Cotone-e-Benessere-teli-mare-683x1024.webp\" alt=\"serviettes de plage en coton de diff&#xE9;rentes couleurs\" class=\"wp-image-2004\" srcset=\"https:\/\/nimia.me\/wp-content\/uploads\/2025\/08\/Articolo-Cotone-e-Benessere-teli-mare-683x1024.webp 683w, https:\/\/nimia.me\/wp-content\/uploads\/2025\/08\/Articolo-Cotone-e-Benessere-teli-mare-533x800.webp 533w, https:\/\/nimia.me\/wp-content\/uploads\/2025\/08\/Articolo-Cotone-e-Benessere-teli-mare-768x1152.webp 768w, https:\/\/nimia.me\/wp-content\/uploads\/2025\/08\/Articolo-Cotone-e-Benessere-teli-mare-1024x1536.webp 1024w, https:\/\/nimia.me\/wp-content\/uploads\/2025\/08\/Articolo-Cotone-e-Benessere-teli-mare-600x900.webp 600w, https:\/\/nimia.me\/wp-content\/uploads\/2025\/08\/Articolo-Cotone-e-Benessere-teli-mare.webp 1080w\" sizes=\"(max-width: 683px) 100vw, 683px\" \/><\/figure>\n<\/figure>\n\n<h2 class=\"wp-block-heading\">Rejoignez l&#8217;univers Nimia<\/h2>\n\n<p><strong>Nimia<\/strong> est notre fa\u00e7on d&#8217;interpr\u00e9ter et de <strong>valoriser les tissus en coton<\/strong>, \u00e0 travers une s\u00e9rie de produits de qualit\u00e9 que nous avons cr\u00e9\u00e9s avec divers collaborateurs dans le monde entier. Mais notre marque n&#8217;est pas seulement une marque, c&#8217;est la recherche d&#8217;une mani\u00e8re plus authentique d&#8217;aborder l&#8217;achat. <\/p>\n\n<p>Comme le dit<strong> notre mantra<\/strong> <em>essentia manet<\/em>: &#8220;ce qui reste, c&#8217;est l&#8217;essentiel&#8221;. Et c&#8217;est exactement ce que nous voulons communiquer avec nos tissus, nos accessoires et notre imagerie : l&#8217;id\u00e9e que ce qui est g\u00e9n\u00e9ralement d\u00e9fini comme &#8220;superflu&#8221; et &#8220;superficiel&#8221;, s&#8217;il est choisi avec soin et conscience, peut devenir <strong>un v\u00e9ritable acte de pr\u00e9sence<\/strong>. <br\/><br\/><a href=\"https:\/\/nimia.me\/fr\/\"><em>Rejoignez aussi notre Univers, en vous inscrivant \u00e0 notre Newsletter, vous recevrez imm\u00e9diatement une r\u00e9duction de 20% sur votre premier achat.<\/em><\/a>.<\/p>\n\n<p><\/p>\n","protected":false},"excerpt":{"rendered":"<p>Mais quand on parle de coton, de quoi parle-t-on exactement ? D\u00e9couvrez-le avec Nimia dans cet article consacr\u00e9 \u00e0 ce tissu \u00e0 l&#8217;histoire mill\u00e9naire et \u00e0 ses multiples facettes ! Le coton est une fibre textile naturelle, fabriqu\u00e9e \u00e0 partir des balles (filaments blancs et mousseux) qui enveloppent les graines des plantes Gossypium, une vari\u00e9t\u00e9 [&hellip;]<\/p>\n","protected":false},"author":5,"featured_media":2203,"comment_status":"closed","ping_status":"closed","sticky":false,"template":"","format":"standard","meta":{"_acf_changed":false,"footnotes":""},"categories":[272],"tags":[],"class_list":["post-2010","post","type-post","status-publish","format-standard","has-post-thumbnail","hentry","category-perspectives"],"acf":[],"yoast_head":"<!-- This site is optimized with the Yoast SEO plugin v27.5 - https:\/\/yoast.com\/product\/yoast-seo-wordpress\/ -->\n<title>Coton et bien-\u00eatre : les qualit\u00e9s naturelles d&#039;un tissu intemporel | Nimia<\/title>\n<meta name=\"description\" content=\"Le coton est une fibre textile naturelle utilis\u00e9e depuis plus de 10 000 ans ! Mais quand on parle de coton, de quoi s&#039;agit-il exactement ?\" \/>\n<meta name=\"robots\" content=\"index, follow, max-snippet:-1, max-image-preview:large, max-video-preview:-1\" \/>\n<link rel=\"canonical\" href=\"https:\/\/nimia.me\/fr\/coton-et-bien-etre-les-qualites-naturelles-dun-tissu-intemporel\/\" \/>\n<meta property=\"og:locale\" content=\"fr_FR\" \/>\n<meta property=\"og:type\" content=\"article\" \/>\n<meta property=\"og:title\" content=\"Coton et bien-\u00eatre : les qualit\u00e9s naturelles d&#039;un tissu intemporel | Nimia\" \/>\n<meta property=\"og:description\" content=\"Le coton est une fibre textile naturelle utilis\u00e9e depuis plus de 10 000 ans ! Mais quand on parle de coton, de quoi s&#039;agit-il exactement ?\" \/>\n<meta property=\"og:url\" content=\"https:\/\/nimia.me\/fr\/coton-et-bien-etre-les-qualites-naturelles-dun-tissu-intemporel\/\" \/>\n<meta property=\"og:site_name\" content=\"Nimia\" \/>\n<meta property=\"article:published_time\" content=\"2025-08-01T16:03:27+00:00\" \/>\n<meta property=\"article:modified_time\" content=\"2025-08-11T09:11:13+00:00\" \/>\n<meta property=\"og:image\" content=\"https:\/\/nimia.me\/wp-content\/uploads\/2025\/08\/Acquisizione-senza-titolo1442-scaled.webp\" \/>\n\t<meta property=\"og:image:width\" content=\"2560\" \/>\n\t<meta property=\"og:image:height\" content=\"1440\" \/>\n\t<meta property=\"og:image:type\" content=\"image\/webp\" \/>\n<meta name=\"author\" content=\"Andrea Borio\" \/>\n<meta name=\"twitter:card\" content=\"summary_large_image\" \/>\n<meta name=\"twitter:label1\" content=\"\u00c9crit par\" \/>\n\t<meta name=\"twitter:data1\" content=\"Andrea Borio\" \/>\n\t<meta name=\"twitter:label2\" content=\"Dur\u00e9e de lecture estim\u00e9e\" \/>\n\t<meta name=\"twitter:data2\" content=\"4 minutes\" \/>\n<!-- \/ Yoast SEO plugin. -->","yoast_head_json":{"title":"Coton et bien-\u00eatre : les qualit\u00e9s naturelles d'un tissu intemporel | Nimia","description":"Le coton est une fibre textile naturelle utilis\u00e9e depuis plus de 10 000 ans ! Mais quand on parle de coton, de quoi s'agit-il exactement ?","robots":{"index":"index","follow":"follow","max-snippet":"max-snippet:-1","max-image-preview":"max-image-preview:large","max-video-preview":"max-video-preview:-1"},"canonical":"https:\/\/nimia.me\/fr\/coton-et-bien-etre-les-qualites-naturelles-dun-tissu-intemporel\/","og_locale":"fr_FR","og_type":"article","og_title":"Coton et bien-\u00eatre : les qualit\u00e9s naturelles d'un tissu intemporel | Nimia","og_description":"Le coton est une fibre textile naturelle utilis\u00e9e depuis plus de 10 000 ans ! Mais quand on parle de coton, de quoi s'agit-il exactement ?","og_url":"https:\/\/nimia.me\/fr\/coton-et-bien-etre-les-qualites-naturelles-dun-tissu-intemporel\/","og_site_name":"Nimia","article_published_time":"2025-08-01T16:03:27+00:00","article_modified_time":"2025-08-11T09:11:13+00:00","og_image":[{"width":2560,"height":1440,"url":"https:\/\/nimia.me\/wp-content\/uploads\/2025\/08\/Acquisizione-senza-titolo1442-scaled.webp","type":"image\/webp"}],"author":"Andrea Borio","twitter_card":"summary_large_image","twitter_misc":{"\u00c9crit par":"Andrea Borio","Dur\u00e9e de lecture estim\u00e9e":"4 minutes"},"schema":{"@context":"https:\/\/schema.org","@graph":[{"@type":"Article","@id":"https:\/\/nimia.me\/fr\/coton-et-bien-etre-les-qualites-naturelles-dun-tissu-intemporel\/#article","isPartOf":{"@id":"https:\/\/nimia.me\/fr\/coton-et-bien-etre-les-qualites-naturelles-dun-tissu-intemporel\/"},"author":{"name":"Andrea Borio","@id":"https:\/\/nimia.me\/fr\/#\/schema\/person\/bb6d069f3e71712c85b09f87cae19890"},"headline":"Coton et bien-\u00eatre : les qualit\u00e9s naturelles d&#8217;un tissu intemporel","datePublished":"2025-08-01T16:03:27+00:00","dateModified":"2025-08-11T09:11:13+00:00","mainEntityOfPage":{"@id":"https:\/\/nimia.me\/fr\/coton-et-bien-etre-les-qualites-naturelles-dun-tissu-intemporel\/"},"wordCount":867,"publisher":{"@id":"https:\/\/nimia.me\/fr\/#organization"},"image":{"@id":"https:\/\/nimia.me\/fr\/coton-et-bien-etre-les-qualites-naturelles-dun-tissu-intemporel\/#primaryimage"},"thumbnailUrl":"https:\/\/nimia.me\/wp-content\/uploads\/2025\/08\/Acquisizione-senza-titolo1442-scaled.webp","articleSection":["Perspectives"],"inLanguage":"fr-FR"},{"@type":"WebPage","@id":"https:\/\/nimia.me\/fr\/coton-et-bien-etre-les-qualites-naturelles-dun-tissu-intemporel\/","url":"https:\/\/nimia.me\/fr\/coton-et-bien-etre-les-qualites-naturelles-dun-tissu-intemporel\/","name":"Coton et bien-\u00eatre : les qualit\u00e9s naturelles d'un tissu intemporel | Nimia","isPartOf":{"@id":"https:\/\/nimia.me\/fr\/#website"},"primaryImageOfPage":{"@id":"https:\/\/nimia.me\/fr\/coton-et-bien-etre-les-qualites-naturelles-dun-tissu-intemporel\/#primaryimage"},"image":{"@id":"https:\/\/nimia.me\/fr\/coton-et-bien-etre-les-qualites-naturelles-dun-tissu-intemporel\/#primaryimage"},"thumbnailUrl":"https:\/\/nimia.me\/wp-content\/uploads\/2025\/08\/Acquisizione-senza-titolo1442-scaled.webp","datePublished":"2025-08-01T16:03:27+00:00","dateModified":"2025-08-11T09:11:13+00:00","description":"Le coton est une fibre textile naturelle utilis\u00e9e depuis plus de 10 000 ans ! Mais quand on parle de coton, de quoi s'agit-il exactement ?","breadcrumb":{"@id":"https:\/\/nimia.me\/fr\/coton-et-bien-etre-les-qualites-naturelles-dun-tissu-intemporel\/#breadcrumb"},"inLanguage":"fr-FR","potentialAction":[{"@type":"ReadAction","target":["https:\/\/nimia.me\/fr\/coton-et-bien-etre-les-qualites-naturelles-dun-tissu-intemporel\/"]}]},{"@type":"ImageObject","inLanguage":"fr-FR","@id":"https:\/\/nimia.me\/fr\/coton-et-bien-etre-les-qualites-naturelles-dun-tissu-intemporel\/#primaryimage","url":"https:\/\/nimia.me\/wp-content\/uploads\/2025\/08\/Acquisizione-senza-titolo1442-scaled.webp","contentUrl":"https:\/\/nimia.me\/wp-content\/uploads\/2025\/08\/Acquisizione-senza-titolo1442-scaled.webp","width":2560,"height":1440,"caption":"cotone e benessere nimia linea estate 2025"},{"@type":"BreadcrumbList","@id":"https:\/\/nimia.me\/fr\/coton-et-bien-etre-les-qualites-naturelles-dun-tissu-intemporel\/#breadcrumb","itemListElement":[{"@type":"ListItem","position":1,"name":"Accueil","item":"https:\/\/nimia.me\/fr\/"},{"@type":"ListItem","position":2,"name":"Perspectives","item":"https:\/\/nimia.me\/fr\/category\/perspectives\/"},{"@type":"ListItem","position":3,"name":"Coton et bien-\u00eatre : les qualit\u00e9s naturelles d&#8217;un tissu intemporel"}]},{"@type":"WebSite","@id":"https:\/\/nimia.me\/fr\/#website","url":"https:\/\/nimia.me\/fr\/","name":"Nimia","description":"","publisher":{"@id":"https:\/\/nimia.me\/fr\/#organization"},"alternateName":"Nimia","potentialAction":[{"@type":"SearchAction","target":{"@type":"EntryPoint","urlTemplate":"https:\/\/nimia.me\/fr\/?s={search_term_string}"},"query-input":{"@type":"PropertyValueSpecification","valueRequired":true,"valueName":"search_term_string"}}],"inLanguage":"fr-FR"},{"@type":"Organization","@id":"https:\/\/nimia.me\/fr\/#organization","name":"Nimia","alternateName":"Nimia","url":"https:\/\/nimia.me\/fr\/","logo":{"@type":"ImageObject","inLanguage":"fr-FR","@id":"https:\/\/nimia.me\/fr\/#\/schema\/logo\/image\/","url":"https:\/\/nimia.me\/wp-content\/uploads\/2025\/07\/nimia-logo.webp","contentUrl":"https:\/\/nimia.me\/wp-content\/uploads\/2025\/07\/nimia-logo.webp","width":1297,"height":1297,"caption":"Nimia"},"image":{"@id":"https:\/\/nimia.me\/fr\/#\/schema\/logo\/image\/"},"sameAs":["https:\/\/www.instagram.com\/nimia.shop\/"]},{"@type":"Person","@id":"https:\/\/nimia.me\/fr\/#\/schema\/person\/bb6d069f3e71712c85b09f87cae19890","name":"Andrea Borio","image":{"@type":"ImageObject","inLanguage":"fr-FR","@id":"https:\/\/secure.gravatar.com\/avatar\/70bcd9d64e34e3a0401642874a78bb3a80285c4da1a9f089223944751694054f?s=96&d=mm&r=g","url":"https:\/\/secure.gravatar.com\/avatar\/70bcd9d64e34e3a0401642874a78bb3a80285c4da1a9f089223944751694054f?s=96&d=mm&r=g","contentUrl":"https:\/\/secure.gravatar.com\/avatar\/70bcd9d64e34e3a0401642874a78bb3a80285c4da1a9f089223944751694054f?s=96&d=mm&r=g","caption":"Andrea Borio"}}]}},"_links":{"self":[{"href":"https:\/\/nimia.me\/fr\/wp-json\/wp\/v2\/posts\/2010","targetHints":{"allow":["GET"]}}],"collection":[{"href":"https:\/\/nimia.me\/fr\/wp-json\/wp\/v2\/posts"}],"about":[{"href":"https:\/\/nimia.me\/fr\/wp-json\/wp\/v2\/types\/post"}],"author":[{"embeddable":true,"href":"https:\/\/nimia.me\/fr\/wp-json\/wp\/v2\/users\/5"}],"replies":[{"embeddable":true,"href":"https:\/\/nimia.me\/fr\/wp-json\/wp\/v2\/comments?post=2010"}],"version-history":[{"count":1,"href":"https:\/\/nimia.me\/fr\/wp-json\/wp\/v2\/posts\/2010\/revisions"}],"predecessor-version":[{"id":2013,"href":"https:\/\/nimia.me\/fr\/wp-json\/wp\/v2\/posts\/2010\/revisions\/2013"}],"wp:featuredmedia":[{"embeddable":true,"href":"https:\/\/nimia.me\/fr\/wp-json\/wp\/v2\/media\/2203"}],"wp:attachment":[{"href":"https:\/\/nimia.me\/fr\/wp-json\/wp\/v2\/media?parent=2010"}],"wp:term":[{"taxonomy":"category","embeddable":true,"href":"https:\/\/nimia.me\/fr\/wp-json\/wp\/v2\/categories?post=2010"},{"taxonomy":"post_tag","embeddable":true,"href":"https:\/\/nimia.me\/fr\/wp-json\/wp\/v2\/tags?post=2010"}],"curies":[{"name":"wp","href":"https:\/\/api.w.org\/{rel}","templated":true}]}}