{"id":2014,"date":"2025-08-01T18:03:27","date_gmt":"2025-08-01T16:03:27","guid":{"rendered":"https:\/\/nimia.me\/sin-categoria\/algodon-y-bienestar-las-cualidades-naturales-de-un-tejido-intemporal\/"},"modified":"2025-08-11T11:11:12","modified_gmt":"2025-08-11T09:11:12","slug":"algodon-y-bienestar-las-cualidades-naturales-de-un-tejido-intemporal","status":"publish","type":"post","link":"https:\/\/nimia.me\/es\/algodon-y-bienestar-las-cualidades-naturales-de-un-tejido-intemporal\/","title":{"rendered":"Algod\u00f3n y bienestar: las cualidades naturales de un tejido intemporal"},"content":{"rendered":"\n<p>Pero cuando hablamos de <em>algod\u00f3n<\/em>, \u00bfa qu\u00e9 nos referimos exactamente? <strong>Desc\u00fabrelo con Nimia<\/strong> en este art\u00edculo dedicado a este <strong>tejido con una historia milenaria<\/strong> y a sus m\u00faltiples tipos.  <\/p>\n\n<p>El algod\u00f3n es <strong>una fibra textil natural<\/strong>, que se fabrica a partir de las pacas (filamentos blancos y espumosos) que envuelven las semillas de las plantas Gossypium, una variedad de arbusto t\u00edpica de las regiones c\u00e1lidas de nuestro planeta. El uso del algod\u00f3n para tejer es uno de los m\u00e1s antiguos del mundo, con vestigios que se remontan a casi 10.000 a\u00f1os. <\/p>\n\n<h2 class=\"wp-block-heading\">Las propiedades naturales de este tejido<\/h2>\n\n<p>De hecho, el algod\u00f3n se distingue por una serie de propiedades intr\u00ednsecas que lo hacen extremadamente vers\u00e1til y popular para prendas de vestir y textiles para el hogar.<\/p>\n\n<p>Su composici\u00f3n natural <strong>de celulosa<\/strong>, combinada con su naturaleza <strong>hipoalerg\u00e9nica<\/strong>, lo hacen ideal para las personas con piel sensible o para quienes eligen sus compras con cuidado y conciencia. <em>Un enfoque filos\u00f3fico que est\u00e1 en el centro de nuestro trabajo diario<\/em>.<\/p>\n\n<p>Otra caracter\u00edstica distintiva de algunos tejidos hechos de algod\u00f3n es su <strong>suavidad<\/strong>, una cualidad que garantiza un tacto suave y confortable para la piel. Adem\u00e1s, el algod\u00f3n es una fibra excepcionalmente <strong>transpirable<\/strong> y con una excelente <strong>capacidad de absorci\u00f3n<\/strong>, caracter\u00edsticas que lo hacen <strong>perfecto para <\/strong><a href=\"https:\/\/nimia.me\/es\/shop\/textil\/audry-btowel\/\" target=\"_blank\" rel=\"noreferrer noopener\"><strong>toallas<\/strong><\/a><strong>, <\/strong><a href=\"https:\/\/nimia.me\/es\/shop\/textil\/polo-fouta\/\" target=\"_blank\" rel=\"noreferrer noopener\"><strong>toallas de playa<\/strong><\/a><strong> y para la ropa de verano en general<\/strong>. <\/p>\n\n<p>Adem\u00e1s, su <strong>resistencia<\/strong> tiende a aumentar cuando las fibras est\u00e1n h\u00famedas, lo que la hace especialmente <strong>resistente a los lavados frecuentes y al desgaste diario<\/strong>.<\/p>\n\n<p>En <em>resumen, la combinaci\u00f3n de estas propiedades hace del algod\u00f3n una fibra textil atemporal, que en Nimia hemos decidido potenciar mediante una producci\u00f3n cuidadosa, sofisticada y sostenible<\/em>.<\/p>\n\n<figure class=\"wp-block-gallery has-nested-images columns-default is-cropped wp-block-gallery-1 is-layout-flex wp-block-gallery-is-layout-flex\">\n<figure class=\"wp-block-image size-large\"><img fetchpriority=\"high\" decoding=\"async\" width=\"650\" height=\"650\" data-id=\"1979\" src=\"https:\/\/nimia.me\/wp-content\/uploads\/2025\/08\/Articolo-Cotone-e-Benessere-Telo-Rosso-Mare-Dettaglio.webp\" alt=\"Toalla de playa roja de algod&#xF3;n\" class=\"wp-image-1979\" srcset=\"https:\/\/nimia.me\/wp-content\/uploads\/2025\/08\/Articolo-Cotone-e-Benessere-Telo-Rosso-Mare-Dettaglio.webp 650w, https:\/\/nimia.me\/wp-content\/uploads\/2025\/08\/Articolo-Cotone-e-Benessere-Telo-Rosso-Mare-Dettaglio-400x400.webp 400w, https:\/\/nimia.me\/wp-content\/uploads\/2025\/08\/Articolo-Cotone-e-Benessere-Telo-Rosso-Mare-Dettaglio-300x300.webp 300w, https:\/\/nimia.me\/wp-content\/uploads\/2025\/08\/Articolo-Cotone-e-Benessere-Telo-Rosso-Mare-Dettaglio-600x600.webp 600w, https:\/\/nimia.me\/wp-content\/uploads\/2025\/08\/Articolo-Cotone-e-Benessere-Telo-Rosso-Mare-Dettaglio-100x100.webp 100w\" sizes=\"(max-width: 650px) 100vw, 650px\" \/><\/figure>\n\n\n\n<figure class=\"wp-block-image size-large\"><img decoding=\"async\" width=\"700\" height=\"699\" data-id=\"1974\" src=\"https:\/\/nimia.me\/wp-content\/uploads\/2025\/08\/Articolo-Cotone-e-Benessere-Telo-Grigio-Mare-Dettaglio.webp\" alt=\"Toalla de playa de algod&#xF3;n gris\" class=\"wp-image-1974\" srcset=\"https:\/\/nimia.me\/wp-content\/uploads\/2025\/08\/Articolo-Cotone-e-Benessere-Telo-Grigio-Mare-Dettaglio.webp 700w, https:\/\/nimia.me\/wp-content\/uploads\/2025\/08\/Articolo-Cotone-e-Benessere-Telo-Grigio-Mare-Dettaglio-400x400.webp 400w, https:\/\/nimia.me\/wp-content\/uploads\/2025\/08\/Articolo-Cotone-e-Benessere-Telo-Grigio-Mare-Dettaglio-300x300.webp 300w, https:\/\/nimia.me\/wp-content\/uploads\/2025\/08\/Articolo-Cotone-e-Benessere-Telo-Grigio-Mare-Dettaglio-600x599.webp 600w, https:\/\/nimia.me\/wp-content\/uploads\/2025\/08\/Articolo-Cotone-e-Benessere-Telo-Grigio-Mare-Dettaglio-100x100.webp 100w\" sizes=\"(max-width: 700px) 100vw, 700px\" \/><\/figure>\n\n\n\n<figure class=\"wp-block-image size-large\"><img decoding=\"async\" width=\"800\" height=\"800\" data-id=\"1959\" src=\"https:\/\/nimia.me\/wp-content\/uploads\/2025\/08\/Articolo-Cotone-e-Benessere-Telo-Beige-Mare-Dettaglio.webp\" alt=\"Toalla de playa de algod&#xF3;n beige\" class=\"wp-image-1959\" srcset=\"https:\/\/nimia.me\/wp-content\/uploads\/2025\/08\/Articolo-Cotone-e-Benessere-Telo-Beige-Mare-Dettaglio.webp 800w, https:\/\/nimia.me\/wp-content\/uploads\/2025\/08\/Articolo-Cotone-e-Benessere-Telo-Beige-Mare-Dettaglio-400x400.webp 400w, https:\/\/nimia.me\/wp-content\/uploads\/2025\/08\/Articolo-Cotone-e-Benessere-Telo-Beige-Mare-Dettaglio-768x768.webp 768w, https:\/\/nimia.me\/wp-content\/uploads\/2025\/08\/Articolo-Cotone-e-Benessere-Telo-Beige-Mare-Dettaglio-300x300.webp 300w, https:\/\/nimia.me\/wp-content\/uploads\/2025\/08\/Articolo-Cotone-e-Benessere-Telo-Beige-Mare-Dettaglio-600x600.webp 600w, https:\/\/nimia.me\/wp-content\/uploads\/2025\/08\/Articolo-Cotone-e-Benessere-Telo-Beige-Mare-Dettaglio-100x100.webp 100w\" sizes=\"(max-width: 800px) 100vw, 800px\" \/><\/figure>\n\n\n\n<figure class=\"wp-block-image size-large\"><img loading=\"lazy\" decoding=\"async\" width=\"700\" height=\"700\" data-id=\"1964\" src=\"https:\/\/nimia.me\/wp-content\/uploads\/2025\/08\/Articolo-Cotone-e-Benessere-Telo-Blu-Mare-Dettaglio.webp\" alt=\"Toalla de playa de algod&#xF3;n azul\" class=\"wp-image-1964\" srcset=\"https:\/\/nimia.me\/wp-content\/uploads\/2025\/08\/Articolo-Cotone-e-Benessere-Telo-Blu-Mare-Dettaglio.webp 700w, https:\/\/nimia.me\/wp-content\/uploads\/2025\/08\/Articolo-Cotone-e-Benessere-Telo-Blu-Mare-Dettaglio-400x400.webp 400w, https:\/\/nimia.me\/wp-content\/uploads\/2025\/08\/Articolo-Cotone-e-Benessere-Telo-Blu-Mare-Dettaglio-300x300.webp 300w, https:\/\/nimia.me\/wp-content\/uploads\/2025\/08\/Articolo-Cotone-e-Benessere-Telo-Blu-Mare-Dettaglio-600x600.webp 600w, https:\/\/nimia.me\/wp-content\/uploads\/2025\/08\/Articolo-Cotone-e-Benessere-Telo-Blu-Mare-Dettaglio-100x100.webp 100w\" sizes=\"(max-width: 700px) 100vw, 700px\" \/><\/figure>\n\n\n\n<figure class=\"wp-block-image size-large\"><img loading=\"lazy\" decoding=\"async\" width=\"800\" height=\"800\" data-id=\"1969\" src=\"https:\/\/nimia.me\/wp-content\/uploads\/2025\/08\/Articolo-Cotone-e-Benessere-Telo-Grigio-Chiaro-Mare-Dettaglio.webp\" alt=\"Toalla de playa de algod&#xF3;n gris claro\" class=\"wp-image-1969\" srcset=\"https:\/\/nimia.me\/wp-content\/uploads\/2025\/08\/Articolo-Cotone-e-Benessere-Telo-Grigio-Chiaro-Mare-Dettaglio.webp 800w, https:\/\/nimia.me\/wp-content\/uploads\/2025\/08\/Articolo-Cotone-e-Benessere-Telo-Grigio-Chiaro-Mare-Dettaglio-400x400.webp 400w, https:\/\/nimia.me\/wp-content\/uploads\/2025\/08\/Articolo-Cotone-e-Benessere-Telo-Grigio-Chiaro-Mare-Dettaglio-768x768.webp 768w, https:\/\/nimia.me\/wp-content\/uploads\/2025\/08\/Articolo-Cotone-e-Benessere-Telo-Grigio-Chiaro-Mare-Dettaglio-300x300.webp 300w, https:\/\/nimia.me\/wp-content\/uploads\/2025\/08\/Articolo-Cotone-e-Benessere-Telo-Grigio-Chiaro-Mare-Dettaglio-600x600.webp 600w, https:\/\/nimia.me\/wp-content\/uploads\/2025\/08\/Articolo-Cotone-e-Benessere-Telo-Grigio-Chiaro-Mare-Dettaglio-100x100.webp 100w\" sizes=\"(max-width: 800px) 100vw, 800px\" \/><\/figure>\n<\/figure>\n\n<h2 class=\"wp-block-heading\">Del algod\u00f3n a un universo de tejidos<\/h2>\n\n<p>Gracias a su <strong>extraordinaria versatilidad<\/strong>, el algod\u00f3n puede procesarse de muchas formas distintas, creando as\u00ed tejidos con caracter\u00edsticas y usos muy diferentes. Veamos algunas de ellas en detalle. <\/p>\n\n<h3 class=\"wp-block-heading\"><strong>Lona de algod\u00f3n<\/strong><\/h3>\n\n<p>Es un tejido caracterizado por su fuerza y resistencia (es decir, su capacidad para soportar tensiones y esfuerzos externos), producido a partir de un tejido muy denso. <strong>Seg\u00fan la etimolog\u00eda m\u00e1s extendida, el t\u00e9rmino <\/strong><strong><em>lona <\/em><\/strong>se dice que deriva de<strong> la palabra latina &#8220;cannabis&#8221;, que<\/strong> originalmente indicaba un tejido fabricado con fibras de c\u00e1\u00f1amo, pero hoy en d\u00eda se asocia universalmente con el algod\u00f3n.<\/p>\n\n<p>Es un tejido liso, lo que significa que los hilos de urdimbre y trama se cruzan uno encima del otro y uno debajo del otro de forma regular. Sin embargo, los hilos son m\u00e1s gruesos y la trama es mucho m\u00e1s densa que la de una tela de algod\u00f3n ordinaria, caracter\u00edstica que determina la excelente <strong>resistencia<\/strong> y <strong>durabilidad<\/strong> de este tipo de tejido. <br\/><br\/>En Nimia, hemos optado por utilizar lona de algod\u00f3n <strong>para nuestro <\/strong><a href=\"https:\/\/nimia.me\/es\/shop\/accesorios-de-moda\/bolsa-polo\/\" target=\"_blank\" rel=\"noreferrer noopener\"><strong>Polo<\/strong><\/a><strong>, <\/strong><a href=\"https:\/\/nimia.me\/es\/shop\/accesorios-de-moda\/bolsa-audry\/\" target=\"_blank\" rel=\"noreferrer noopener\"><strong>Bolsa Audry<\/strong><\/a> e <a href=\"https:\/\/nimia.me\/es\/shop\/accesorios-de-moda\/embrague-audry\/\" target=\"_blank\" rel=\"noreferrer noopener\"><strong>Embrague Audry<\/strong><\/a>y Audry Clutch, para garantizar tanto una estructura excelente como una comodidad de uso perfecta.<\/p>\n\n<figure class=\"wp-block-gallery has-nested-images columns-default is-cropped wp-block-gallery-2 is-layout-flex wp-block-gallery-is-layout-flex\">\n<figure class=\"wp-block-image size-large\"><img loading=\"lazy\" decoding=\"async\" width=\"683\" height=\"1024\" data-id=\"1984\" src=\"https:\/\/nimia.me\/wp-content\/uploads\/2025\/08\/Articolo-Cotone-e-benessere-borsa-e-maglietta-683x1024.webp\" alt=\"Camiseta de algod&#xF3;n natural\" class=\"wp-image-1984\" srcset=\"https:\/\/nimia.me\/wp-content\/uploads\/2025\/08\/Articolo-Cotone-e-benessere-borsa-e-maglietta-683x1024.webp 683w, https:\/\/nimia.me\/wp-content\/uploads\/2025\/08\/Articolo-Cotone-e-benessere-borsa-e-maglietta-533x800.webp 533w, https:\/\/nimia.me\/wp-content\/uploads\/2025\/08\/Articolo-Cotone-e-benessere-borsa-e-maglietta-768x1152.webp 768w, https:\/\/nimia.me\/wp-content\/uploads\/2025\/08\/Articolo-Cotone-e-benessere-borsa-e-maglietta-1024x1536.webp 1024w, https:\/\/nimia.me\/wp-content\/uploads\/2025\/08\/Articolo-Cotone-e-benessere-borsa-e-maglietta-600x900.webp 600w, https:\/\/nimia.me\/wp-content\/uploads\/2025\/08\/Articolo-Cotone-e-benessere-borsa-e-maglietta.webp 1080w\" sizes=\"(max-width: 683px) 100vw, 683px\" \/><\/figure>\n\n\n\n<figure class=\"wp-block-image size-large\"><img loading=\"lazy\" decoding=\"async\" width=\"683\" height=\"1024\" data-id=\"1989\" src=\"https:\/\/nimia.me\/wp-content\/uploads\/2025\/08\/Articolo-Cotone-e-benessere-mood-estate-683x1024.webp\" alt=\"Sombrero y toalla de playa de algod&#xF3;n natural\" class=\"wp-image-1989\" srcset=\"https:\/\/nimia.me\/wp-content\/uploads\/2025\/08\/Articolo-Cotone-e-benessere-mood-estate-683x1024.webp 683w, https:\/\/nimia.me\/wp-content\/uploads\/2025\/08\/Articolo-Cotone-e-benessere-mood-estate-533x800.webp 533w, https:\/\/nimia.me\/wp-content\/uploads\/2025\/08\/Articolo-Cotone-e-benessere-mood-estate-768x1152.webp 768w, https:\/\/nimia.me\/wp-content\/uploads\/2025\/08\/Articolo-Cotone-e-benessere-mood-estate-1024x1536.webp 1024w, https:\/\/nimia.me\/wp-content\/uploads\/2025\/08\/Articolo-Cotone-e-benessere-mood-estate-600x900.webp 600w, https:\/\/nimia.me\/wp-content\/uploads\/2025\/08\/Articolo-Cotone-e-benessere-mood-estate.webp 1080w\" sizes=\"(max-width: 683px) 100vw, 683px\" \/><\/figure>\n<\/figure>\n\n<h3 class=\"wp-block-heading\"><strong>Muselina de algod\u00f3n<\/strong><\/h3>\n\n<p>La muselina de algod\u00f3n es un tejido muy ligero, de trama abierta y muy suave, que <strong>toma su nombre <\/strong><a href=\"https:\/\/it.wikipedia.org\/wiki\/Mussola\" target=\"_blank\" rel=\"noreferrer noopener\"><strong>de la ciudad de Mosul<\/strong><\/a>en <strong> Irak<\/strong>, donde se cree que se origin\u00f3, a orillas del legendario r\u00edo Tigris, en el <strong>Creciente F\u00e9rtil<\/strong>.<\/p>\n\n<p>Se trata de un tejido de algod\u00f3n muy apreciado por su <strong>delicadeza<\/strong>, debida precisamente a su <strong>caracter\u00edstico &#8220;tejido abierto&#8221;:<\/strong> un sistema de elaboraci\u00f3n en el que los hilos (tanto de urdimbre como de trama) est\u00e1n m\u00e1s separados que en un tejido tradicional. De este modo, el aire puede circular m\u00e1s libremente por el tejido, garantizando <strong>una excelente transpirabilidad<\/strong> y un <strong>secado r\u00e1pido<\/strong>. <\/p>\n\n<p>Descubre <strong>nuestra <\/strong><a href=\"https:\/\/nimia.me\/es\/shop\/textil\/manta-flun\/\" target=\"_blank\" rel=\"noreferrer noopener\"><strong>Manta Flun<\/strong><\/a> hecha precisamente de muselina de algod\u00f3n de 3 capas, un <strong>plaid suave y ligero<\/strong> que se <strong>puede utilizar de muchas maneras<\/strong>: como tejido para resguardarte de los rayos del sol, o como mueble tanto en interiores como en exteriores.<\/p>\n\n<figure class=\"wp-block-gallery has-nested-images columns-default is-cropped wp-block-gallery-3 is-layout-flex wp-block-gallery-is-layout-flex\">\n<figure class=\"wp-block-image size-large\"><img loading=\"lazy\" decoding=\"async\" width=\"683\" height=\"1024\" data-id=\"1999\" src=\"https:\/\/nimia.me\/wp-content\/uploads\/2025\/08\/Articolo-Cotone-e-Benessere-asciugamani-683x1024.webp\" alt=\"toallas de algod&#xF3;n duraderas\" class=\"wp-image-1999\" srcset=\"https:\/\/nimia.me\/wp-content\/uploads\/2025\/08\/Articolo-Cotone-e-Benessere-asciugamani-683x1024.webp 683w, https:\/\/nimia.me\/wp-content\/uploads\/2025\/08\/Articolo-Cotone-e-Benessere-asciugamani-533x800.webp 533w, https:\/\/nimia.me\/wp-content\/uploads\/2025\/08\/Articolo-Cotone-e-Benessere-asciugamani-768x1152.webp 768w, https:\/\/nimia.me\/wp-content\/uploads\/2025\/08\/Articolo-Cotone-e-Benessere-asciugamani-1024x1536.webp 1024w, https:\/\/nimia.me\/wp-content\/uploads\/2025\/08\/Articolo-Cotone-e-Benessere-asciugamani-600x900.webp 600w, https:\/\/nimia.me\/wp-content\/uploads\/2025\/08\/Articolo-Cotone-e-Benessere-asciugamani.webp 1080w\" sizes=\"(max-width: 683px) 100vw, 683px\" \/><\/figure>\n\n\n\n<figure class=\"wp-block-image size-large\"><img loading=\"lazy\" decoding=\"async\" width=\"683\" height=\"1024\" data-id=\"2004\" src=\"https:\/\/nimia.me\/wp-content\/uploads\/2025\/08\/Articolo-Cotone-e-Benessere-teli-mare-683x1024.webp\" alt=\"toallas de playa de algod&#xF3;n de diferentes colores\" class=\"wp-image-2004\" srcset=\"https:\/\/nimia.me\/wp-content\/uploads\/2025\/08\/Articolo-Cotone-e-Benessere-teli-mare-683x1024.webp 683w, https:\/\/nimia.me\/wp-content\/uploads\/2025\/08\/Articolo-Cotone-e-Benessere-teli-mare-533x800.webp 533w, https:\/\/nimia.me\/wp-content\/uploads\/2025\/08\/Articolo-Cotone-e-Benessere-teli-mare-768x1152.webp 768w, https:\/\/nimia.me\/wp-content\/uploads\/2025\/08\/Articolo-Cotone-e-Benessere-teli-mare-1024x1536.webp 1024w, https:\/\/nimia.me\/wp-content\/uploads\/2025\/08\/Articolo-Cotone-e-Benessere-teli-mare-600x900.webp 600w, https:\/\/nimia.me\/wp-content\/uploads\/2025\/08\/Articolo-Cotone-e-Benessere-teli-mare.webp 1080w\" sizes=\"(max-width: 683px) 100vw, 683px\" \/><\/figure>\n<\/figure>\n\n<h2 class=\"wp-block-heading\">\u00danete al Universo Nimia<\/h2>\n\n<p><strong>Nimia<\/strong> es nuestra forma de interpretar y <strong>realzar los tejidos de algod\u00f3n<\/strong>, a trav\u00e9s de una serie de productos de calidad que hemos creado junto con diversos colaboradores de todo el mundo. Pero la nuestra no es s\u00f3lo una marca, es la b\u00fasqueda de una forma m\u00e1s aut\u00e9ntica de acercarse a la compra. <\/p>\n\n<p>Como dice<strong> nuestro mantra<\/strong> <em>essentia manet<\/em>: &#8220;lo que permanece es lo esencial&#8221;. Y esto es exactamente lo que queremos comunicar con nuestros tejidos y accesorios y a trav\u00e9s de nuestras im\u00e1genes: la idea de que lo que suele definirse como &#8220;superfluo&#8221; y &#8220;superficial&#8221;, si se elige con cuidado y conciencia puede convertirse en <strong>un verdadero acto de presencia<\/strong>. <br\/><br\/><a href=\"https:\/\/nimia.me\/es\/\"><em>\u00danete tambi\u00e9n a nuestro Universo, suscribi\u00e9ndote a nuestro Bolet\u00edn recibir\u00e1s inmediatamente un 20% de descuento en tu primera compra<\/em><\/a>.<\/p>\n\n<p><\/p>\n","protected":false},"excerpt":{"rendered":"<p>Pero cuando hablamos de algod\u00f3n, \u00bfa qu\u00e9 nos referimos exactamente? Desc\u00fabrelo con Nimia en este art\u00edculo dedicado a este tejido con una historia milenaria y a sus m\u00faltiples tipos. El algod\u00f3n es una fibra textil natural, que se fabrica a partir de las pacas (filamentos blancos y espumosos) que envuelven las semillas de las plantas [&hellip;]<\/p>\n","protected":false},"author":5,"featured_media":2205,"comment_status":"closed","ping_status":"closed","sticky":false,"template":"","format":"standard","meta":{"_acf_changed":false,"footnotes":""},"categories":[274],"tags":[],"class_list":["post-2014","post","type-post","status-publish","format-standard","has-post-thumbnail","hentry","category-perspectivas"],"acf":[],"yoast_head":"<!-- This site is optimized with the Yoast SEO plugin v27.5 - https:\/\/yoast.com\/product\/yoast-seo-wordpress\/ -->\n<title>Algod\u00f3n y bienestar: las cualidades naturales de un tejido intemporal | Nimia<\/title>\n<meta name=\"description\" content=\"El algod\u00f3n es una fibra textil natural que se utiliza desde hace m\u00e1s de 10.000 a\u00f1os. Pero cuando hablamos de algod\u00f3n, \u00bfa qu\u00e9 nos referimos exactamente?\" \/>\n<meta name=\"robots\" content=\"index, follow, max-snippet:-1, max-image-preview:large, max-video-preview:-1\" \/>\n<link rel=\"canonical\" href=\"https:\/\/nimia.me\/es\/algodon-y-bienestar-las-cualidades-naturales-de-un-tejido-intemporal\/\" \/>\n<meta property=\"og:locale\" content=\"es_ES\" \/>\n<meta property=\"og:type\" content=\"article\" \/>\n<meta property=\"og:title\" content=\"Algod\u00f3n y bienestar: las cualidades naturales de un tejido intemporal | Nimia\" \/>\n<meta property=\"og:description\" content=\"El algod\u00f3n es una fibra textil natural que se utiliza desde hace m\u00e1s de 10.000 a\u00f1os. Pero cuando hablamos de algod\u00f3n, \u00bfa qu\u00e9 nos referimos exactamente?\" \/>\n<meta property=\"og:url\" content=\"https:\/\/nimia.me\/es\/algodon-y-bienestar-las-cualidades-naturales-de-un-tejido-intemporal\/\" \/>\n<meta property=\"og:site_name\" content=\"Nimia\" \/>\n<meta property=\"article:published_time\" content=\"2025-08-01T16:03:27+00:00\" \/>\n<meta property=\"article:modified_time\" content=\"2025-08-11T09:11:12+00:00\" \/>\n<meta property=\"og:image\" content=\"https:\/\/nimia.me\/wp-content\/uploads\/2025\/08\/Acquisizione-senza-titolo1442-scaled.webp\" \/>\n\t<meta property=\"og:image:width\" content=\"2560\" \/>\n\t<meta property=\"og:image:height\" content=\"1440\" \/>\n\t<meta property=\"og:image:type\" content=\"image\/webp\" \/>\n<meta name=\"author\" content=\"Andrea Borio\" \/>\n<meta name=\"twitter:card\" content=\"summary_large_image\" \/>\n<meta name=\"twitter:label1\" content=\"Escrito por\" \/>\n\t<meta name=\"twitter:data1\" content=\"Andrea Borio\" \/>\n\t<meta name=\"twitter:label2\" content=\"Tiempo de lectura\" \/>\n\t<meta name=\"twitter:data2\" content=\"4 minutos\" \/>\n<!-- \/ Yoast SEO plugin. -->","yoast_head_json":{"title":"Algod\u00f3n y bienestar: las cualidades naturales de un tejido intemporal | Nimia","description":"El algod\u00f3n es una fibra textil natural que se utiliza desde hace m\u00e1s de 10.000 a\u00f1os. Pero cuando hablamos de algod\u00f3n, \u00bfa qu\u00e9 nos referimos exactamente?","robots":{"index":"index","follow":"follow","max-snippet":"max-snippet:-1","max-image-preview":"max-image-preview:large","max-video-preview":"max-video-preview:-1"},"canonical":"https:\/\/nimia.me\/es\/algodon-y-bienestar-las-cualidades-naturales-de-un-tejido-intemporal\/","og_locale":"es_ES","og_type":"article","og_title":"Algod\u00f3n y bienestar: las cualidades naturales de un tejido intemporal | Nimia","og_description":"El algod\u00f3n es una fibra textil natural que se utiliza desde hace m\u00e1s de 10.000 a\u00f1os. Pero cuando hablamos de algod\u00f3n, \u00bfa qu\u00e9 nos referimos exactamente?","og_url":"https:\/\/nimia.me\/es\/algodon-y-bienestar-las-cualidades-naturales-de-un-tejido-intemporal\/","og_site_name":"Nimia","article_published_time":"2025-08-01T16:03:27+00:00","article_modified_time":"2025-08-11T09:11:12+00:00","og_image":[{"width":2560,"height":1440,"url":"https:\/\/nimia.me\/wp-content\/uploads\/2025\/08\/Acquisizione-senza-titolo1442-scaled.webp","type":"image\/webp"}],"author":"Andrea Borio","twitter_card":"summary_large_image","twitter_misc":{"Escrito por":"Andrea Borio","Tiempo de lectura":"4 minutos"},"schema":{"@context":"https:\/\/schema.org","@graph":[{"@type":"Article","@id":"https:\/\/nimia.me\/es\/algodon-y-bienestar-las-cualidades-naturales-de-un-tejido-intemporal\/#article","isPartOf":{"@id":"https:\/\/nimia.me\/es\/algodon-y-bienestar-las-cualidades-naturales-de-un-tejido-intemporal\/"},"author":{"name":"Andrea Borio","@id":"https:\/\/nimia.me\/es\/#\/schema\/person\/bb6d069f3e71712c85b09f87cae19890"},"headline":"Algod\u00f3n y bienestar: las cualidades naturales de un tejido intemporal","datePublished":"2025-08-01T16:03:27+00:00","dateModified":"2025-08-11T09:11:12+00:00","mainEntityOfPage":{"@id":"https:\/\/nimia.me\/es\/algodon-y-bienestar-las-cualidades-naturales-de-un-tejido-intemporal\/"},"wordCount":832,"publisher":{"@id":"https:\/\/nimia.me\/es\/#organization"},"image":{"@id":"https:\/\/nimia.me\/es\/algodon-y-bienestar-las-cualidades-naturales-de-un-tejido-intemporal\/#primaryimage"},"thumbnailUrl":"https:\/\/nimia.me\/wp-content\/uploads\/2025\/08\/Acquisizione-senza-titolo1442-scaled.webp","articleSection":["Perspectivas"],"inLanguage":"es"},{"@type":"WebPage","@id":"https:\/\/nimia.me\/es\/algodon-y-bienestar-las-cualidades-naturales-de-un-tejido-intemporal\/","url":"https:\/\/nimia.me\/es\/algodon-y-bienestar-las-cualidades-naturales-de-un-tejido-intemporal\/","name":"Algod\u00f3n y bienestar: las cualidades naturales de un tejido intemporal | Nimia","isPartOf":{"@id":"https:\/\/nimia.me\/es\/#website"},"primaryImageOfPage":{"@id":"https:\/\/nimia.me\/es\/algodon-y-bienestar-las-cualidades-naturales-de-un-tejido-intemporal\/#primaryimage"},"image":{"@id":"https:\/\/nimia.me\/es\/algodon-y-bienestar-las-cualidades-naturales-de-un-tejido-intemporal\/#primaryimage"},"thumbnailUrl":"https:\/\/nimia.me\/wp-content\/uploads\/2025\/08\/Acquisizione-senza-titolo1442-scaled.webp","datePublished":"2025-08-01T16:03:27+00:00","dateModified":"2025-08-11T09:11:12+00:00","description":"El algod\u00f3n es una fibra textil natural que se utiliza desde hace m\u00e1s de 10.000 a\u00f1os. Pero cuando hablamos de algod\u00f3n, \u00bfa qu\u00e9 nos referimos exactamente?","breadcrumb":{"@id":"https:\/\/nimia.me\/es\/algodon-y-bienestar-las-cualidades-naturales-de-un-tejido-intemporal\/#breadcrumb"},"inLanguage":"es","potentialAction":[{"@type":"ReadAction","target":["https:\/\/nimia.me\/es\/algodon-y-bienestar-las-cualidades-naturales-de-un-tejido-intemporal\/"]}]},{"@type":"ImageObject","inLanguage":"es","@id":"https:\/\/nimia.me\/es\/algodon-y-bienestar-las-cualidades-naturales-de-un-tejido-intemporal\/#primaryimage","url":"https:\/\/nimia.me\/wp-content\/uploads\/2025\/08\/Acquisizione-senza-titolo1442-scaled.webp","contentUrl":"https:\/\/nimia.me\/wp-content\/uploads\/2025\/08\/Acquisizione-senza-titolo1442-scaled.webp","width":2560,"height":1440,"caption":"cotone e benessere nimia linea estate 2025"},{"@type":"BreadcrumbList","@id":"https:\/\/nimia.me\/es\/algodon-y-bienestar-las-cualidades-naturales-de-un-tejido-intemporal\/#breadcrumb","itemListElement":[{"@type":"ListItem","position":1,"name":"Inicio","item":"https:\/\/nimia.me\/es\/"},{"@type":"ListItem","position":2,"name":"Perspectivas","item":"https:\/\/nimia.me\/es\/category\/perspectivas\/"},{"@type":"ListItem","position":3,"name":"Algod\u00f3n y bienestar: las cualidades naturales de un tejido intemporal"}]},{"@type":"WebSite","@id":"https:\/\/nimia.me\/es\/#website","url":"https:\/\/nimia.me\/es\/","name":"Nimia","description":"","publisher":{"@id":"https:\/\/nimia.me\/es\/#organization"},"alternateName":"Nimia","potentialAction":[{"@type":"SearchAction","target":{"@type":"EntryPoint","urlTemplate":"https:\/\/nimia.me\/es\/?s={search_term_string}"},"query-input":{"@type":"PropertyValueSpecification","valueRequired":true,"valueName":"search_term_string"}}],"inLanguage":"es"},{"@type":"Organization","@id":"https:\/\/nimia.me\/es\/#organization","name":"Nimia","alternateName":"Nimia","url":"https:\/\/nimia.me\/es\/","logo":{"@type":"ImageObject","inLanguage":"es","@id":"https:\/\/nimia.me\/es\/#\/schema\/logo\/image\/","url":"https:\/\/nimia.me\/wp-content\/uploads\/2025\/07\/nimia-logo.webp","contentUrl":"https:\/\/nimia.me\/wp-content\/uploads\/2025\/07\/nimia-logo.webp","width":1297,"height":1297,"caption":"Nimia"},"image":{"@id":"https:\/\/nimia.me\/es\/#\/schema\/logo\/image\/"},"sameAs":["https:\/\/www.instagram.com\/nimia.shop\/"]},{"@type":"Person","@id":"https:\/\/nimia.me\/es\/#\/schema\/person\/bb6d069f3e71712c85b09f87cae19890","name":"Andrea Borio","image":{"@type":"ImageObject","inLanguage":"es","@id":"https:\/\/secure.gravatar.com\/avatar\/70bcd9d64e34e3a0401642874a78bb3a80285c4da1a9f089223944751694054f?s=96&d=mm&r=g","url":"https:\/\/secure.gravatar.com\/avatar\/70bcd9d64e34e3a0401642874a78bb3a80285c4da1a9f089223944751694054f?s=96&d=mm&r=g","contentUrl":"https:\/\/secure.gravatar.com\/avatar\/70bcd9d64e34e3a0401642874a78bb3a80285c4da1a9f089223944751694054f?s=96&d=mm&r=g","caption":"Andrea Borio"}}]}},"_links":{"self":[{"href":"https:\/\/nimia.me\/es\/wp-json\/wp\/v2\/posts\/2014","targetHints":{"allow":["GET"]}}],"collection":[{"href":"https:\/\/nimia.me\/es\/wp-json\/wp\/v2\/posts"}],"about":[{"href":"https:\/\/nimia.me\/es\/wp-json\/wp\/v2\/types\/post"}],"author":[{"embeddable":true,"href":"https:\/\/nimia.me\/es\/wp-json\/wp\/v2\/users\/5"}],"replies":[{"embeddable":true,"href":"https:\/\/nimia.me\/es\/wp-json\/wp\/v2\/comments?post=2014"}],"version-history":[{"count":1,"href":"https:\/\/nimia.me\/es\/wp-json\/wp\/v2\/posts\/2014\/revisions"}],"predecessor-version":[{"id":2016,"href":"https:\/\/nimia.me\/es\/wp-json\/wp\/v2\/posts\/2014\/revisions\/2016"}],"wp:featuredmedia":[{"embeddable":true,"href":"https:\/\/nimia.me\/es\/wp-json\/wp\/v2\/media\/2205"}],"wp:attachment":[{"href":"https:\/\/nimia.me\/es\/wp-json\/wp\/v2\/media?parent=2014"}],"wp:term":[{"taxonomy":"category","embeddable":true,"href":"https:\/\/nimia.me\/es\/wp-json\/wp\/v2\/categories?post=2014"},{"taxonomy":"post_tag","embeddable":true,"href":"https:\/\/nimia.me\/es\/wp-json\/wp\/v2\/tags?post=2014"}],"curies":[{"name":"wp","href":"https:\/\/api.w.org\/{rel}","templated":true}]}}